{"id":1150,"date":"2019-01-20T17:34:37","date_gmt":"2019-01-20T17:34:37","guid":{"rendered":"http:\/\/weltladen-witzenhausen.de\/wordpress\/?p=1150"},"modified":"2019-01-20T19:32:01","modified_gmt":"2019-01-20T19:32:01","slug":"buergerpreis-2018","status":"publish","type":"post","link":"https:\/\/weltladen-witzenhausen.de\/wordpress\/buergerpreis-2018\/","title":{"rendered":"B\u00fcrgerpreis f\u00fcr Anna-Gertrud Siekmann"},"content":{"rendered":"\n<p style=\"font-size:18px\">Unser Vorstandsmitglied Anna-Gertrud Siekmann ist beim Neujahrsempfang <br>der Stadt Witzenhausen am 11.1.2019 mit dem B\u00fcrgerpreis 2018 ausgezeichnet worden. <br>Die Dankes-Rede, die sie gehalten hat, finden Sie unter dem folgenden <a rel=\"noreferrer noopener\" aria-label=\"Link (\u00f6ffnet in neuem Tab)\" href=\"https:\/\/weltladen-witzenhausen.de\/wordpress\/wp-content\/uploads\/2019\/01\/Anna-Siekman-Rede-11.1.2019.pdf\" target=\"_blank\"><strong>Link<\/strong><\/a>.<\/p>\n\n\n\n<figure class=\"wp-block-image\"><img loading=\"lazy\" decoding=\"async\" width=\"1020\" height=\"646\" src=\"https:\/\/weltladen-witzenhausen.de\/wordpress\/wp-content\/uploads\/2019\/01\/B\u00fcrgerpreis-2018-1020x646.jpg\" alt=\"\" class=\"wp-image-1151\" srcset=\"https:\/\/weltladen-witzenhausen.de\/wordpress\/wp-content\/uploads\/2019\/01\/B\u00fcrgerpreis-2018-1020x646.jpg 1020w, https:\/\/weltladen-witzenhausen.de\/wordpress\/wp-content\/uploads\/2019\/01\/B\u00fcrgerpreis-2018-632x400.jpg 632w, https:\/\/weltladen-witzenhausen.de\/wordpress\/wp-content\/uploads\/2019\/01\/B\u00fcrgerpreis-2018-768x486.jpg 768w\" sizes=\"auto, (max-width: 1020px) 100vw, 1020px\" \/><figcaption><strong>B\u00fcrgerpreis f\u00fcr Gertrud Siekmann <\/strong><br>Gertrud Siekmann wurde von Uwe Linnenkohl vom Vorstand der VR-Bank Werra-Mei\u00dfner (li.) <br>und Witzenhausens B\u00fcrgermeister Daniel Herz (re.) <br>mit dem B\u00fcrgerpreis ausgezeichnet.<br>\u00a9&nbsp;Sorembik<\/figcaption><\/figure>\n\n\n\n<p><\/p>\n","protected":false},"excerpt":{"rendered":"<p>Unser Vorstandsmitglied Anna-Gertrud Siekmann ist beim Neujahrsempfang der Stadt Witzenhausen am 11.1.2019 mit dem B\u00fcrgerpreis 2018 ausgezeichnet worden. Die Dankes-Rede, die sie gehalten hat, finden Sie unter dem folgenden Link.<\/p>\n","protected":false},"author":1,"featured_media":0,"comment_status":"open","ping_status":"closed","sticky":true,"template":"","format":"standard","meta":{"footnotes":""},"categories":[16],"tags":[],"class_list":["post-1150","post","type-post","status-publish","format-standard","hentry","category-presseberichte"],"_links":{"self":[{"href":"https:\/\/weltladen-witzenhausen.de\/wordpress\/wp-json\/wp\/v2\/posts\/1150","targetHints":{"allow":["GET"]}}],"collection":[{"href":"https:\/\/weltladen-witzenhausen.de\/wordpress\/wp-json\/wp\/v2\/posts"}],"about":[{"href":"https:\/\/weltladen-witzenhausen.de\/wordpress\/wp-json\/wp\/v2\/types\/post"}],"author":[{"embeddable":true,"href":"https:\/\/weltladen-witzenhausen.de\/wordpress\/wp-json\/wp\/v2\/users\/1"}],"replies":[{"embeddable":true,"href":"https:\/\/weltladen-witzenhausen.de\/wordpress\/wp-json\/wp\/v2\/comments?post=1150"}],"version-history":[{"count":9,"href":"https:\/\/weltladen-witzenhausen.de\/wordpress\/wp-json\/wp\/v2\/posts\/1150\/revisions"}],"predecessor-version":[{"id":1167,"href":"https:\/\/weltladen-witzenhausen.de\/wordpress\/wp-json\/wp\/v2\/posts\/1150\/revisions\/1167"}],"wp:attachment":[{"href":"https:\/\/weltladen-witzenhausen.de\/wordpress\/wp-json\/wp\/v2\/media?parent=1150"}],"wp:term":[{"taxonomy":"category","embeddable":true,"href":"https:\/\/weltladen-witzenhausen.de\/wordpress\/wp-json\/wp\/v2\/categories?post=1150"},{"taxonomy":"post_tag","embeddable":true,"href":"https:\/\/weltladen-witzenhausen.de\/wordpress\/wp-json\/wp\/v2\/tags?post=1150"}],"curies":[{"name":"wp","href":"https:\/\/api.w.org\/{rel}","templated":true}]}}